{"id":120,"date":"2017-11-28T07:16:45","date_gmt":"2017-11-28T07:16:45","guid":{"rendered":"https:\/\/wordpress.ffw-adorf.de\/?p=120"},"modified":"2023-07-21T10:01:28","modified_gmt":"2023-07-21T09:01:28","slug":"rw2","status":"publish","type":"post","link":"https:\/\/ffw-adorf.de\/?p=120","title":{"rendered":"R\u00fcstwagen 2 (RW 2)"},"content":{"rendered":"\n<div class=\"wp-block-columns is-layout-flex wp-container-core-columns-is-layout-9d6595d7 wp-block-columns-is-layout-flex\">\n<div class=\"wp-block-column is-layout-flow wp-block-column-is-layout-flow\">\n<p>Baujahr: 1994<br>Fahrgestell: MAN 12.232<br>Aufbau: Schlingmann<br>Beladung:<\/p>\n\n\n\n<ul class=\"wp-block-list\">\n<li>Normbeladung gem. DIN-Norm Stand 1991<\/li>\n<\/ul>\n\n\n\n<p>Zusatzbeladung \u00d6l mit<\/p>\n\n\n\n<ul class=\"wp-block-list\">\n<li>3 x 3000l und 3 x 1000l Auffangbeh\u00e4lter<\/li>\n\n\n\n<li>Mineral\u00f6lbest\u00e4ndige Armaturen und Schl\u00e4uche<\/li>\n\n\n\n<li>nicht funkenreisendes Werkzeug<\/li>\n<\/ul>\n\n\n\n<p>Besonderheiten:<br>Zus\u00e4tzlich wurde auf dem Fahrzeug eine Komponente Gefahrgut\/Umwelt verlastet.<br>Dazu z\u00e4hlen unter anderem:<\/p>\n\n\n\n<ul class=\"wp-block-list\">\n<li>Umf\u00fcllpumpe DEPA-ELRO<\/li>\n\n\n\n<li>Fasspumpe Gefahrgut Edelstahl<\/li>\n\n\n\n<li>4x CSA<\/li>\n\n\n\n<li>Chemikalienbest\u00e4ndige Schl\u00e4uche und Armaturen<\/li>\n\n\n\n<li>Chemikalienbinder<\/li>\n\n\n\n<li>UNIKA-Kesselwagenkupplung<\/li>\n\n\n\n<li>Rohr- und Leckdichtkissen<br>Auffangbeh\u00e4lter Edelstahl und ELRO-Vakuumfass werden gesondert transportiert.<\/li>\n<\/ul>\n<\/div>\n\n\n\n<div class=\"wp-block-column is-layout-flow wp-block-column-is-layout-flow\">\n<figure class=\"wp-block-image size-full\"><img loading=\"lazy\" decoding=\"async\" width=\"1024\" height=\"683\" src=\"https:\/\/ffw-adorf.de\/wp-content\/uploads\/2023\/07\/IMG_6380.jpg\" alt=\"\" class=\"wp-image-1794\" srcset=\"https:\/\/ffw-adorf.de\/wp-content\/uploads\/2023\/07\/IMG_6380.jpg 1024w, https:\/\/ffw-adorf.de\/wp-content\/uploads\/2023\/07\/IMG_6380-300x200.jpg 300w, https:\/\/ffw-adorf.de\/wp-content\/uploads\/2023\/07\/IMG_6380-768x512.jpg 768w\" sizes=\"auto, (max-width: 1024px) 100vw, 1024px\" \/><\/figure>\n<\/div>\n<\/div>\n","protected":false},"excerpt":{"rendered":"<p>Baujahr: 1994Fahrgestell: MAN 12.232Aufbau: SchlingmannBeladung: Zusatzbeladung \u00d6l mit Besonderheiten:Zus\u00e4tzlich wurde auf dem Fahrzeug eine Komponente Gefahrgut\/Umwelt verlastet.Dazu z\u00e4hlen unter anderem:<\/p>\n","protected":false},"author":1,"featured_media":119,"comment_status":"closed","ping_status":"open","sticky":false,"template":"","format":"standard","meta":{"footnotes":""},"categories":[15],"tags":[],"class_list":["post-120","post","type-post","status-publish","format-standard","has-post-thumbnail","hentry","category-aktuelle-technik-adorf"],"_links":{"self":[{"href":"https:\/\/ffw-adorf.de\/index.php?rest_route=\/wp\/v2\/posts\/120","targetHints":{"allow":["GET"]}}],"collection":[{"href":"https:\/\/ffw-adorf.de\/index.php?rest_route=\/wp\/v2\/posts"}],"about":[{"href":"https:\/\/ffw-adorf.de\/index.php?rest_route=\/wp\/v2\/types\/post"}],"author":[{"embeddable":true,"href":"https:\/\/ffw-adorf.de\/index.php?rest_route=\/wp\/v2\/users\/1"}],"replies":[{"embeddable":true,"href":"https:\/\/ffw-adorf.de\/index.php?rest_route=%2Fwp%2Fv2%2Fcomments&post=120"}],"version-history":[{"count":5,"href":"https:\/\/ffw-adorf.de\/index.php?rest_route=\/wp\/v2\/posts\/120\/revisions"}],"predecessor-version":[{"id":1801,"href":"https:\/\/ffw-adorf.de\/index.php?rest_route=\/wp\/v2\/posts\/120\/revisions\/1801"}],"wp:featuredmedia":[{"embeddable":true,"href":"https:\/\/ffw-adorf.de\/index.php?rest_route=\/wp\/v2\/media\/119"}],"wp:attachment":[{"href":"https:\/\/ffw-adorf.de\/index.php?rest_route=%2Fwp%2Fv2%2Fmedia&parent=120"}],"wp:term":[{"taxonomy":"category","embeddable":true,"href":"https:\/\/ffw-adorf.de\/index.php?rest_route=%2Fwp%2Fv2%2Fcategories&post=120"},{"taxonomy":"post_tag","embeddable":true,"href":"https:\/\/ffw-adorf.de\/index.php?rest_route=%2Fwp%2Fv2%2Ftags&post=120"}],"curies":[{"name":"wp","href":"https:\/\/api.w.org\/{rel}","templated":true}]}}