{"id":1256,"date":"2022-10-23T15:28:00","date_gmt":"2022-10-23T13:28:00","guid":{"rendered":"https:\/\/wordpress.ffw-adorf.de\/?p=1256"},"modified":"2022-11-01T22:54:57","modified_gmt":"2022-11-01T20:54:57","slug":"wie-die-profis","status":"publish","type":"post","link":"https:\/\/ffw-adorf.de\/?p=1256","title":{"rendered":"Wie die Profis &#8230;"},"content":{"rendered":"\n<p>&#8230; der Berufsfeuerwehr wollten die Kameradinnen und Kameraden eine 24-Stunden-Schicht auf Wache und mit reichlich Eins\u00e4tzen erleben. Also hat sich die Jugendleitung Gedanken gemacht und einen BF-Tag organisiert. <\/p>\n\n\n\n<p>Am Freitag (21.10.22) war es soweit. Die Kinder r\u00fcckten ab 16 Uhr in das Ger\u00e4tehaus ein. Ihre erste Aufgabe bestand darin, die Schlafpl\u00e4tze herzurichten bevor gegen 17 Uhr die Aufteilung auf die einzelnen Fahrzeuge erfolgt. Wie bei den Profis hatte nun jede(r) einen festen Platz auf ELW, HLF, MLF, Drehleiter, R\u00fcstwagen oder dem TSF aus Gettengr\u00fcn, das zus\u00e4tzlich zur Verf\u00fcgung stand. Auch der Rettungsdienst war dabei, so wurde durch die Adorfer Rettungswache ein KTW zur Verf\u00fcgung gestellt und durch einen aktiven Kameraden und Notfallsanit\u00e4ter besetzt.<\/p>\n\n\n\n<p>Jetzt konnte es losgehen und nat\u00fcrlich lie\u00dfen die ersten Eins\u00e4tze nicht lang auf sich warten. Neben Brandeins\u00e4tzen waren auch technische Hilfeleistungen von T\u00fcrnot\u00f6ffnungen \u00fcber Tragehilfen einer \u00d6lspur bis hin zur Rettung \u00fcber Drehleiter zu jeder Tages- und Nachtzeit einiges dabei, was auch das wahre Leben von Berufsfeuerleuten bereith\u00e4lt. So wurden insgesamt neun Eins\u00e4tze abgearbeitet. Zu den Highlights z\u00e4hlten dabei sicher das Ausleuchten eines Landeplatzes f\u00fcr einen Rettungshubschrauber, simuliert durch eine Drohne, sowie die Abschluss\u00fcbung am Samstag Nachmittag an der KITA Zwergenvilla. Bei einem angenommenen Brand im Turnhallengeb\u00e4ude der KITA konnten die Kameradinnen und Kameraden zeigen, was sie k\u00f6nnen.<\/p>\n\n\n\n<p>Doch nat\u00fcrlich besteht das Leben bei der Berufsfeuerwehr nicht nur aus Eins\u00e4tzen. Zwischen den Alarmen war Zeit f\u00fcr Ausbildungseinheiten, Mahlzeiten und zu vorger\u00fcckter Stunde konnten sich die Kinder bei einem Film ausruhen.<\/p>\n\n\n\n<div class=\"alignnormal\">[metaslider id=1354 cssclass=&#8220;&#8220;]<\/div>\n","protected":false},"excerpt":{"rendered":"<p>&#8230; der Berufsfeuerwehr wollten die Kameradinnen und Kameraden eine 24-Stunden-Schicht auf Wache und mit reichlich Eins\u00e4tzen erleben. Also hat sich die Jugendleitung Gedanken gemacht und einen BF-Tag organisiert. Am Freitag (21.10.22) war es soweit. Die Kinder r\u00fcckten ab 16 Uhr in das Ger\u00e4tehaus ein. Ihre erste Aufgabe bestand darin, die Schlafpl\u00e4tze herzurichten bevor gegen 17 [&hellip;]<\/p>\n","protected":false},"author":1,"featured_media":0,"comment_status":"closed","ping_status":"open","sticky":false,"template":"","format":"standard","meta":{"footnotes":""},"categories":[4],"tags":[],"class_list":["post-1256","post","type-post","status-publish","format-standard","hentry","category-jugendfeuerwehr"],"_links":{"self":[{"href":"https:\/\/ffw-adorf.de\/index.php?rest_route=\/wp\/v2\/posts\/1256","targetHints":{"allow":["GET"]}}],"collection":[{"href":"https:\/\/ffw-adorf.de\/index.php?rest_route=\/wp\/v2\/posts"}],"about":[{"href":"https:\/\/ffw-adorf.de\/index.php?rest_route=\/wp\/v2\/types\/post"}],"author":[{"embeddable":true,"href":"https:\/\/ffw-adorf.de\/index.php?rest_route=\/wp\/v2\/users\/1"}],"replies":[{"embeddable":true,"href":"https:\/\/ffw-adorf.de\/index.php?rest_route=%2Fwp%2Fv2%2Fcomments&post=1256"}],"version-history":[{"count":6,"href":"https:\/\/ffw-adorf.de\/index.php?rest_route=\/wp\/v2\/posts\/1256\/revisions"}],"predecessor-version":[{"id":1375,"href":"https:\/\/ffw-adorf.de\/index.php?rest_route=\/wp\/v2\/posts\/1256\/revisions\/1375"}],"wp:attachment":[{"href":"https:\/\/ffw-adorf.de\/index.php?rest_route=%2Fwp%2Fv2%2Fmedia&parent=1256"}],"wp:term":[{"taxonomy":"category","embeddable":true,"href":"https:\/\/ffw-adorf.de\/index.php?rest_route=%2Fwp%2Fv2%2Fcategories&post=1256"},{"taxonomy":"post_tag","embeddable":true,"href":"https:\/\/ffw-adorf.de\/index.php?rest_route=%2Fwp%2Fv2%2Ftags&post=1256"}],"curies":[{"name":"wp","href":"https:\/\/api.w.org\/{rel}","templated":true}]}}