{"id":174,"date":"2018-09-01T12:22:49","date_gmt":"2018-09-01T12:22:49","guid":{"rendered":"https:\/\/wordpress.ffw-adorf.de\/?p=174"},"modified":"2018-09-01T12:22:49","modified_gmt":"2018-09-01T12:22:49","slug":"nachwuchs-marschiert-auf-rang-2","status":"publish","type":"post","link":"https:\/\/ffw-adorf.de\/?p=174","title":{"rendered":"01.09.2018 Nach\u00adwuchs marschiert auf Rang 2"},"content":{"rendered":"<p>Alle zwei Jahre findet auf regionaler Ebene der Leistungsmarsch der Jugendfeuerwehren statt. In diesem Jahr traf sich der Feuerwehrnachwuchs in Tirpersdorf zu diesem freundschaftlichen Kr\u00e4ftemessen. Unsere Jugendwehr stellte hierbei zwei Mannschaften in der Altersklasse von 13 bis 18 Jahren. Auf einer Strecke von ca. 7 km galt es, verschiedene Herausforderungen wie &#8222;Erste Hilfe&#8220;, &#8222;Standrohr setzen&#8220; oder &#8222;Saugschl\u00e4uche kuppeln&#8220; zu meistern. Auch ein Wissenstest geh\u00f6rte zu den Anforderungen an unsere jungen Kameraden.<\/p>\n<p><!--more--><\/p>\n<p>&nbsp;<\/p>\n<p>Die Jugendlichen aller Wehren knieten sich sichtlich rein und waren am Ende auch etwas ersch\u00f6pft. Doch die M\u00fche lohnte sich, so sprangen f\u00fcr die Adorfer Jugend ein hervorragender zweiter und ein respektabler 7. Platz heraus.<\/p>\n<p>Nach dem Einsatz wurden alle Beteiligten noch mit Leckereien vom Grill in geselliger Runde belohnt bevor das Adorfer Team gest\u00e4rkt und zufrieden die Heimreise antrat.<\/p>\n<p>{gallery}Jugendfeuerwehr\/20180901{\/gallery}<\/p>\n","protected":false},"excerpt":{"rendered":"<p>Alle zwei Jahre findet auf regionaler Ebene der Leistungsmarsch der Jugendfeuerwehren statt. In diesem Jahr traf sich der Feuerwehrnachwuchs in Tirpersdorf zu diesem freundschaftlichen Kr\u00e4ftemessen. Unsere Jugendwehr stellte hierbei zwei Mannschaften in der Altersklasse von 13 bis 18 Jahren. Auf einer Strecke von ca. 7 km galt es, verschiedene Herausforderungen wie &#8222;Erste Hilfe&#8220;, &#8222;Standrohr setzen&#8220; [&hellip;]<\/p>\n","protected":false},"author":1,"featured_media":0,"comment_status":"closed","ping_status":"open","sticky":false,"template":"","format":"standard","meta":{"footnotes":""},"categories":[4],"tags":[],"class_list":["post-174","post","type-post","status-publish","format-standard","hentry","category-jugendfeuerwehr"],"_links":{"self":[{"href":"https:\/\/ffw-adorf.de\/index.php?rest_route=\/wp\/v2\/posts\/174","targetHints":{"allow":["GET"]}}],"collection":[{"href":"https:\/\/ffw-adorf.de\/index.php?rest_route=\/wp\/v2\/posts"}],"about":[{"href":"https:\/\/ffw-adorf.de\/index.php?rest_route=\/wp\/v2\/types\/post"}],"author":[{"embeddable":true,"href":"https:\/\/ffw-adorf.de\/index.php?rest_route=\/wp\/v2\/users\/1"}],"replies":[{"embeddable":true,"href":"https:\/\/ffw-adorf.de\/index.php?rest_route=%2Fwp%2Fv2%2Fcomments&post=174"}],"version-history":[{"count":0,"href":"https:\/\/ffw-adorf.de\/index.php?rest_route=\/wp\/v2\/posts\/174\/revisions"}],"wp:attachment":[{"href":"https:\/\/ffw-adorf.de\/index.php?rest_route=%2Fwp%2Fv2%2Fmedia&parent=174"}],"wp:term":[{"taxonomy":"category","embeddable":true,"href":"https:\/\/ffw-adorf.de\/index.php?rest_route=%2Fwp%2Fv2%2Fcategories&post=174"},{"taxonomy":"post_tag","embeddable":true,"href":"https:\/\/ffw-adorf.de\/index.php?rest_route=%2Fwp%2Fv2%2Ftags&post=174"}],"curies":[{"name":"wp","href":"https:\/\/api.w.org\/{rel}","templated":true}]}}