{"id":177,"date":"2018-09-02T22:00:00","date_gmt":"2018-09-02T22:00:00","guid":{"rendered":"https:\/\/wordpress.ffw-adorf.de\/?p=177"},"modified":"2018-09-02T22:00:00","modified_gmt":"2018-09-02T22:00:00","slug":"neuer-wehrleiter-fuer-die-ortswehr-remtengruen","status":"publish","type":"post","link":"https:\/\/ffw-adorf.de\/?p=177","title":{"rendered":"Neuer Wehrleiter f\u00fcr die Ortswehr Remtengr\u00fcn"},"content":{"rendered":"<p><img loading=\"lazy\" decoding=\"async\" class=\" alignright size-full wp-image-176\" style=\"float: right; width: 30%;\" src=\"https:\/\/wordpress.ffw-adorf.de\/wp-content\/uploads\/2018\/09\/20180903_Wehrleitung_Remtengruen.jpg\" alt=\"20180903 Wehrleitung Remtengruen\" width=\"750\" height=\"1000\" srcset=\"https:\/\/ffw-adorf.de\/wp-content\/uploads\/2018\/09\/20180903_Wehrleitung_Remtengruen.jpg 750w, https:\/\/ffw-adorf.de\/wp-content\/uploads\/2018\/09\/20180903_Wehrleitung_Remtengruen-225x300.jpg 225w\" sizes=\"auto, (max-width: 750px) 100vw, 750px\" \/>Aus beruflichen Gr\u00fcnden legte der bisherige Wehrleiter der Ortsteilwehr Remtengr\u00fcn, Christian Wunderlich, im April sein Amt nieder. Aus diesem Grund machten sich Neuwahlen notwendig. In einer Dienstversammlung wurde der Kamerad Michael Braun als neuer Wehrleiter gew\u00e4hlt. Stellvertreter bleibt Jens Herold.<\/p>\n<p>Am 03.09.2018 wurden beide Kameraden anl\u00e4sslich einer Stadtratssitzung einstimmig vom Gremium f\u00fcr die n\u00e4chsten f\u00fcnf Jahre f\u00fcr ihr Amt best\u00e4tigt. Im Anschluss \u00fcberreichten die Remtengr\u00fcner Kameraden einen Scheck in H\u00f6he von 400,00 \u20ac an den B\u00fcrgermeister Herrn Rico Schmidt. Dieser Betrag soll den Hochwassergesch\u00e4digten der Stadt Adorf zu Gute kommen. Erwirtschaftet wurde dieses Geld im Rahmen des Dorffestes am 09.06.2018.<\/p>\n<p>Daf\u00fcr recht herzlichen Dank.<\/p>\n","protected":false},"excerpt":{"rendered":"<p>Aus beruflichen Gr\u00fcnden legte der bisherige Wehrleiter der Ortsteilwehr Remtengr\u00fcn, Christian Wunderlich, im April sein Amt nieder. Aus diesem Grund machten sich Neuwahlen notwendig. In einer Dienstversammlung wurde der Kamerad Michael Braun als neuer Wehrleiter gew\u00e4hlt. Stellvertreter bleibt Jens Herold. Am 03.09.2018 wurden beide Kameraden anl\u00e4sslich einer Stadtratssitzung einstimmig vom Gremium f\u00fcr die n\u00e4chsten f\u00fcnf [&hellip;]<\/p>\n","protected":false},"author":1,"featured_media":176,"comment_status":"closed","ping_status":"open","sticky":false,"template":"","format":"standard","meta":{"footnotes":""},"categories":[5],"tags":[],"class_list":["post-177","post","type-post","status-publish","format-standard","has-post-thumbnail","hentry","category-aktuelles"],"_links":{"self":[{"href":"https:\/\/ffw-adorf.de\/index.php?rest_route=\/wp\/v2\/posts\/177","targetHints":{"allow":["GET"]}}],"collection":[{"href":"https:\/\/ffw-adorf.de\/index.php?rest_route=\/wp\/v2\/posts"}],"about":[{"href":"https:\/\/ffw-adorf.de\/index.php?rest_route=\/wp\/v2\/types\/post"}],"author":[{"embeddable":true,"href":"https:\/\/ffw-adorf.de\/index.php?rest_route=\/wp\/v2\/users\/1"}],"replies":[{"embeddable":true,"href":"https:\/\/ffw-adorf.de\/index.php?rest_route=%2Fwp%2Fv2%2Fcomments&post=177"}],"version-history":[{"count":0,"href":"https:\/\/ffw-adorf.de\/index.php?rest_route=\/wp\/v2\/posts\/177\/revisions"}],"wp:featuredmedia":[{"embeddable":true,"href":"https:\/\/ffw-adorf.de\/index.php?rest_route=\/wp\/v2\/media\/176"}],"wp:attachment":[{"href":"https:\/\/ffw-adorf.de\/index.php?rest_route=%2Fwp%2Fv2%2Fmedia&parent=177"}],"wp:term":[{"taxonomy":"category","embeddable":true,"href":"https:\/\/ffw-adorf.de\/index.php?rest_route=%2Fwp%2Fv2%2Fcategories&post=177"},{"taxonomy":"post_tag","embeddable":true,"href":"https:\/\/ffw-adorf.de\/index.php?rest_route=%2Fwp%2Fv2%2Ftags&post=177"}],"curies":[{"name":"wp","href":"https:\/\/api.w.org\/{rel}","templated":true}]}}