{"id":178,"date":"2018-09-23T18:48:22","date_gmt":"2018-09-23T18:48:22","guid":{"rendered":"https:\/\/wordpress.ffw-adorf.de\/?p=178"},"modified":"2018-09-23T18:48:22","modified_gmt":"2018-09-23T18:48:22","slug":"2018-09-23_2","status":"publish","type":"post","link":"https:\/\/ffw-adorf.de\/?p=178","title":{"rendered":"Baum auf Stra\u00dfe"},"content":{"rendered":"<p>Der Herbst hat auch in Adorf Einzug gehalten und Sturm und Regen mitgebracht.&nbsp;So wurden die Adorfer Kameraden ab ca. 18:36 Uhr zu mehreren Eins\u00e4tzen alarmiert.<\/p>\n<p>Im Pfaffenlohweg drohte Wasser in ein Geb\u00e4ude einzudringen und auf dem Weg zur Paracelsus-Klinik brach ein Baum ab und st\u00fcrzte auf die Stra\u00dfe, sodass die Zufahrt zum Krankenhaus blockiert wurde.<\/p>\n<p><!--more--><\/p>\n<p>&nbsp;<\/p>\n<p>{gallery}Einsatzgeschehen\/2018\/20180923{\/gallery}<\/p>\n<p>Ein weiterer Baum st\u00fcrzte in Remtengr\u00fcn um. Diesen Einsatz konnten die Kameraden der Remtengr\u00fcner Ortswehr allein abarbeiten.<\/p>\n","protected":false},"excerpt":{"rendered":"<p>Der Herbst hat auch in Adorf Einzug gehalten und Sturm und Regen mitgebracht.&nbsp;So wurden die Adorfer Kameraden ab ca. 18:36 Uhr zu mehreren Eins\u00e4tzen alarmiert. Im Pfaffenlohweg drohte Wasser in ein Geb\u00e4ude einzudringen und auf dem Weg zur Paracelsus-Klinik brach ein Baum ab und st\u00fcrzte auf die Stra\u00dfe, sodass die Zufahrt zum Krankenhaus blockiert wurde.<\/p>\n","protected":false},"author":1,"featured_media":0,"comment_status":"closed","ping_status":"open","sticky":false,"template":"","format":"standard","meta":{"footnotes":""},"categories":[3],"tags":[],"class_list":["post-178","post","type-post","status-publish","format-standard","hentry","category-einsaetze"],"_links":{"self":[{"href":"https:\/\/ffw-adorf.de\/index.php?rest_route=\/wp\/v2\/posts\/178","targetHints":{"allow":["GET"]}}],"collection":[{"href":"https:\/\/ffw-adorf.de\/index.php?rest_route=\/wp\/v2\/posts"}],"about":[{"href":"https:\/\/ffw-adorf.de\/index.php?rest_route=\/wp\/v2\/types\/post"}],"author":[{"embeddable":true,"href":"https:\/\/ffw-adorf.de\/index.php?rest_route=\/wp\/v2\/users\/1"}],"replies":[{"embeddable":true,"href":"https:\/\/ffw-adorf.de\/index.php?rest_route=%2Fwp%2Fv2%2Fcomments&post=178"}],"version-history":[{"count":0,"href":"https:\/\/ffw-adorf.de\/index.php?rest_route=\/wp\/v2\/posts\/178\/revisions"}],"wp:attachment":[{"href":"https:\/\/ffw-adorf.de\/index.php?rest_route=%2Fwp%2Fv2%2Fmedia&parent=178"}],"wp:term":[{"taxonomy":"category","embeddable":true,"href":"https:\/\/ffw-adorf.de\/index.php?rest_route=%2Fwp%2Fv2%2Fcategories&post=178"},{"taxonomy":"post_tag","embeddable":true,"href":"https:\/\/ffw-adorf.de\/index.php?rest_route=%2Fwp%2Fv2%2Ftags&post=178"}],"curies":[{"name":"wp","href":"https:\/\/api.w.org\/{rel}","templated":true}]}}