{"id":188,"date":"2019-01-07T09:37:33","date_gmt":"2019-01-07T09:37:33","guid":{"rendered":"https:\/\/wordpress.ffw-adorf.de\/?p=188"},"modified":"2019-01-07T09:37:33","modified_gmt":"2019-01-07T09:37:33","slug":"2019-01-07_1","status":"publish","type":"post","link":"https:\/\/ffw-adorf.de\/?p=188","title":{"rendered":"Verkehrsunfall"},"content":{"rendered":"<p>Um 6:30 Uhr wurden die Kameraden zu einem Verkehrsunfall in die Markneukirchner Stra\u00dfe alarmiert. Ein Fiat 500 und ein VW Passat waren frontal zusammengesto\u00dfen. Dabei wurden beide Fahrerinnen verletzt. Die Fahrerin des Fiat wurde in Abstimmung mit der Not\u00e4rztin patientengerecht aus ihrem Fahrzeug befreit. Hierzu wurde das Dach des Fahrzeugs mit Hilfe von hydraulischem Rettungsger\u00e4t abgenommen.<\/p>\n<p>Die B283 war ca. zwei Stunden voll gesperrt.<\/p>\n<p>Die Feuerwehr Adorf war mit ELW, HLF20\/16 und RW2 im Einsatz.<\/p>\n<p><img loading=\"lazy\" decoding=\"async\" class=\" size-full wp-image-187\" src=\"https:\/\/wordpress.ffw-adorf.de\/wp-content\/uploads\/2019\/01\/2019-01-07_1.jpg\" alt=\"2019 01 07 1\" width=\"1200\" height=\"800\" srcset=\"https:\/\/ffw-adorf.de\/wp-content\/uploads\/2019\/01\/2019-01-07_1.jpg 1200w, https:\/\/ffw-adorf.de\/wp-content\/uploads\/2019\/01\/2019-01-07_1-300x200.jpg 300w, https:\/\/ffw-adorf.de\/wp-content\/uploads\/2019\/01\/2019-01-07_1-1024x683.jpg 1024w, https:\/\/ffw-adorf.de\/wp-content\/uploads\/2019\/01\/2019-01-07_1-768x512.jpg 768w, https:\/\/ffw-adorf.de\/wp-content\/uploads\/2019\/01\/2019-01-07_1-421x281.jpg 421w\" sizes=\"auto, (max-width: 1200px) 100vw, 1200px\" \/><\/p>\n","protected":false},"excerpt":{"rendered":"<p>Um 6:30 Uhr wurden die Kameraden zu einem Verkehrsunfall in die Markneukirchner Stra\u00dfe alarmiert. Ein Fiat 500 und ein VW Passat waren frontal zusammengesto\u00dfen. Dabei wurden beide Fahrerinnen verletzt. Die Fahrerin des Fiat wurde in Abstimmung mit der Not\u00e4rztin patientengerecht aus ihrem Fahrzeug befreit. Hierzu wurde das Dach des Fahrzeugs mit Hilfe von hydraulischem Rettungsger\u00e4t [&hellip;]<\/p>\n","protected":false},"author":1,"featured_media":187,"comment_status":"closed","ping_status":"open","sticky":false,"template":"","format":"standard","meta":{"footnotes":""},"categories":[3],"tags":[],"class_list":["post-188","post","type-post","status-publish","format-standard","has-post-thumbnail","hentry","category-einsaetze"],"_links":{"self":[{"href":"https:\/\/ffw-adorf.de\/index.php?rest_route=\/wp\/v2\/posts\/188","targetHints":{"allow":["GET"]}}],"collection":[{"href":"https:\/\/ffw-adorf.de\/index.php?rest_route=\/wp\/v2\/posts"}],"about":[{"href":"https:\/\/ffw-adorf.de\/index.php?rest_route=\/wp\/v2\/types\/post"}],"author":[{"embeddable":true,"href":"https:\/\/ffw-adorf.de\/index.php?rest_route=\/wp\/v2\/users\/1"}],"replies":[{"embeddable":true,"href":"https:\/\/ffw-adorf.de\/index.php?rest_route=%2Fwp%2Fv2%2Fcomments&post=188"}],"version-history":[{"count":0,"href":"https:\/\/ffw-adorf.de\/index.php?rest_route=\/wp\/v2\/posts\/188\/revisions"}],"wp:featuredmedia":[{"embeddable":true,"href":"https:\/\/ffw-adorf.de\/index.php?rest_route=\/wp\/v2\/media\/187"}],"wp:attachment":[{"href":"https:\/\/ffw-adorf.de\/index.php?rest_route=%2Fwp%2Fv2%2Fmedia&parent=188"}],"wp:term":[{"taxonomy":"category","embeddable":true,"href":"https:\/\/ffw-adorf.de\/index.php?rest_route=%2Fwp%2Fv2%2Fcategories&post=188"},{"taxonomy":"post_tag","embeddable":true,"href":"https:\/\/ffw-adorf.de\/index.php?rest_route=%2Fwp%2Fv2%2Ftags&post=188"}],"curies":[{"name":"wp","href":"https:\/\/api.w.org\/{rel}","templated":true}]}}