{"id":191,"date":"2019-01-15T07:40:33","date_gmt":"2019-01-15T07:40:33","guid":{"rendered":"https:\/\/wordpress.ffw-adorf.de\/?p=191"},"modified":"2019-01-15T07:40:33","modified_gmt":"2019-01-15T07:40:33","slug":"20190111_jhv_leubetha","status":"publish","type":"post","link":"https:\/\/ffw-adorf.de\/?p=191","title":{"rendered":"Neuwahlen bei Jahreshaupt\u00ad\u00ad\u00adversammlung in Leubetha"},"content":{"rendered":"<p>31 Mitglieder, darunter 24 aktive Kameraden, wurden zur Jahreshauptversammlung ins Ger\u00e4tehaus Leubetha am 11.01.19 eingeladen.<\/p>\n<p><img loading=\"lazy\" decoding=\"async\" class=\" alignright size-full wp-image-189\" style=\"margin-right: 10px; margin-left: 10px; float: right;\" src=\"https:\/\/wordpress.ffw-adorf.de\/wp-content\/uploads\/2019\/01\/leubetha_jhv_1.jpg\" alt=\"leubetha jhv 1\" width=\"480\" height=\"360\" srcset=\"https:\/\/ffw-adorf.de\/wp-content\/uploads\/2019\/01\/leubetha_jhv_1.jpg 1200w, https:\/\/ffw-adorf.de\/wp-content\/uploads\/2019\/01\/leubetha_jhv_1-300x225.jpg 300w, https:\/\/ffw-adorf.de\/wp-content\/uploads\/2019\/01\/leubetha_jhv_1-1024x768.jpg 1024w, https:\/\/ffw-adorf.de\/wp-content\/uploads\/2019\/01\/leubetha_jhv_1-768x576.jpg 768w, https:\/\/ffw-adorf.de\/wp-content\/uploads\/2019\/01\/leubetha_jhv_1-400x300.jpg 400w\" sizes=\"auto, (max-width: 480px) 100vw, 480px\" \/>Nach der Begr\u00fc\u00dfung durch Wehrleiter Holger Kolbe wurde R\u00fcckschau auf das vergangene Jahr 2018 gehalten. Hinter der Wehr aus Leubetha liegt ein sehr einsatzreiches Jahr. Insgesamt gab es 24 Alarmierungen.<\/p>\n<p>Zw\u00f6lfmal war das Ausl\u00f6sen einer Brandmeldeanlage Schuld am Alarm. Au\u00dferdem wurden die Kameraden zu vier technischen Hilfeleistungen (Unf\u00e4lle), einer T\u00fcrnot\u00f6ffnung, drei Alarmierungen bei Hochwasser sowie vier Brandeins\u00e4tzen gerufen.<\/p>\n<p><!--more--><\/p>\n<p>Der Brand eines Wohn- und Gesch\u00e4ftshaus in Adorf und der Scheunenbrand in Marieney geh\u00f6rten zu den gr\u00f6\u00dferen Eins\u00e4tzen in den letzten Jahren.<\/p>\n<p>Unvergessen wird auch der 24.05.18 bleiben. Nach einem heftigen Unwetter waren im Ortsgebiet die Stra\u00dfen \u00fcberflutet, sowie viele Keller voll Wasser gelaufen. Bis tief in die Nacht war die Feuerwehr im Einsatz.<\/p>\n<p>Zur diesj\u00e4hrigen Hauptversammlung wurde Tobias Ittner f\u00fcr 10 Jahre aktiven Dienst ausgezeichnet. Erfreulich ist auch, dass mit Leon Kunstmann ein weiterer Kamerad in die Wehr aufgenommen wurde, denn ein gesunder Mix aus jungen und erfahrenen Kameraden sichert den Fortbestand jeder Wehr.<\/p>\n<p><img loading=\"lazy\" decoding=\"async\" class=\" alignleft size-full wp-image-190\" style=\"margin-right: 10px; margin-left: 10px; float: left;\" src=\"https:\/\/wordpress.ffw-adorf.de\/wp-content\/uploads\/2019\/01\/leubetha_jhv_2.jpg\" alt=\"leubetha jhv 2\" width=\"360\" height=\"480\" srcset=\"https:\/\/ffw-adorf.de\/wp-content\/uploads\/2019\/01\/leubetha_jhv_2.jpg 900w, https:\/\/ffw-adorf.de\/wp-content\/uploads\/2019\/01\/leubetha_jhv_2-225x300.jpg 225w, https:\/\/ffw-adorf.de\/wp-content\/uploads\/2019\/01\/leubetha_jhv_2-768x1024.jpg 768w\" sizes=\"auto, (max-width: 360px) 100vw, 360px\" \/>Als n\u00e4chster Tagesordnungspunkt stand die Wahl der Wehrleitung auf dem Programm.<\/p>\n<p>Zum Bedauern der Kameraden hat sich Holger Kolbe nach 21 Jahren als Wehrleiter entschieden, sein Amt abzugeben. Als Wehrleiter war er ma\u00dfgeblich an der Renovierung des Ger\u00e4tehauses und der Anschaffung des Tragkraftspritzenfahrzeuges beteiligt.<\/p>\n<p>Au\u00dferdem schaffte er es, die Mitglieder der Ortswehr zu einer gut funktionierenden Gruppe auszubilden. Er versprach, sein Wissen und seine Erfahrung auch weiterhin zur Verf\u00fcgung zu stellen.<\/p>\n<p>Als Wehrleiter hinterl\u00e4sst er gro\u00dfe Fu\u00dfspuren, die in Zukunft der neue Wehrleiter Thomas Muck ausf\u00fcllen muss. Ihm zur Seite steht weiterhin Marco Kunstmann als Stellvertreter. Der beratende Feuerwehrausschuss wird durch Torsten Ittner und Erik Ludwig gebildet.<\/p>\n<p>Abschlie\u00dfend bekam Holger Kolbe ein Dankesch\u00f6n f\u00fcr seine langj\u00e4hre und gesch\u00e4tzte Arbeit \u00fcberreicht.<\/p>\n","protected":false},"excerpt":{"rendered":"<p>31 Mitglieder, darunter 24 aktive Kameraden, wurden zur Jahreshauptversammlung ins Ger\u00e4tehaus Leubetha am 11.01.19 eingeladen. Nach der Begr\u00fc\u00dfung durch Wehrleiter Holger Kolbe wurde R\u00fcckschau auf das vergangene Jahr 2018 gehalten. Hinter der Wehr aus Leubetha liegt ein sehr einsatzreiches Jahr. Insgesamt gab es 24 Alarmierungen. Zw\u00f6lfmal war das Ausl\u00f6sen einer Brandmeldeanlage Schuld am Alarm. Au\u00dferdem [&hellip;]<\/p>\n","protected":false},"author":1,"featured_media":189,"comment_status":"closed","ping_status":"open","sticky":false,"template":"","format":"standard","meta":{"footnotes":""},"categories":[5],"tags":[],"class_list":["post-191","post","type-post","status-publish","format-standard","has-post-thumbnail","hentry","category-aktuelles"],"_links":{"self":[{"href":"https:\/\/ffw-adorf.de\/index.php?rest_route=\/wp\/v2\/posts\/191","targetHints":{"allow":["GET"]}}],"collection":[{"href":"https:\/\/ffw-adorf.de\/index.php?rest_route=\/wp\/v2\/posts"}],"about":[{"href":"https:\/\/ffw-adorf.de\/index.php?rest_route=\/wp\/v2\/types\/post"}],"author":[{"embeddable":true,"href":"https:\/\/ffw-adorf.de\/index.php?rest_route=\/wp\/v2\/users\/1"}],"replies":[{"embeddable":true,"href":"https:\/\/ffw-adorf.de\/index.php?rest_route=%2Fwp%2Fv2%2Fcomments&post=191"}],"version-history":[{"count":0,"href":"https:\/\/ffw-adorf.de\/index.php?rest_route=\/wp\/v2\/posts\/191\/revisions"}],"wp:featuredmedia":[{"embeddable":true,"href":"https:\/\/ffw-adorf.de\/index.php?rest_route=\/wp\/v2\/media\/189"}],"wp:attachment":[{"href":"https:\/\/ffw-adorf.de\/index.php?rest_route=%2Fwp%2Fv2%2Fmedia&parent=191"}],"wp:term":[{"taxonomy":"category","embeddable":true,"href":"https:\/\/ffw-adorf.de\/index.php?rest_route=%2Fwp%2Fv2%2Fcategories&post=191"},{"taxonomy":"post_tag","embeddable":true,"href":"https:\/\/ffw-adorf.de\/index.php?rest_route=%2Fwp%2Fv2%2Ftags&post=191"}],"curies":[{"name":"wp","href":"https:\/\/api.w.org\/{rel}","templated":true}]}}