{"id":2025,"date":"2025-03-23T18:00:00","date_gmt":"2025-03-23T17:00:00","guid":{"rendered":"https:\/\/ffw-adorf.de\/?p=2025"},"modified":"2025-03-31T13:50:39","modified_gmt":"2025-03-31T12:50:39","slug":"br-2-feldbrand-mittel-grosser-oedlandbrand","status":"publish","type":"post","link":"https:\/\/ffw-adorf.de\/?p=2025","title":{"rendered":"BR 2-Feld(Brand Mittel) gro\u00dfer \u00d6dlandbrand"},"content":{"rendered":"\n<p>Die Feuerwehr Adorf\/Vogtl. wurde am Sonntagnachmittag zu einem Wiesenbrand ins Tschechische Doubrava alarmiert.<br>Vor Ort kam es zu einem \u00d6dlandbrand auf etwa einem Hektar. Da von dem Feuer eine gro\u00dfe Ausbreitungsgefahr in Richtung eines Waldes ausging, wurden neben den Tschechischen Kr\u00e4ften auch die Feuerwehren Adorf und Bad Elster alarmiert.<\/p>\n\n\n\n<p>Wir sicherten mit unserem Gro\u00dftankl\u00f6schfahrzeug die L\u00f6schma\u00dfnahmen als \u201ePufferspeicher\u201c ab und hielten uns mit dem Hilfeleistungsl\u00f6schgruppenfahrzeug in Bereitschaft, um notfalls eine Wasserversorgung aus einem angrenzenden Bach zu gew\u00e4hrleisten.<\/p>\n\n\n\n<p>Leider fuhr sich unser GTLF sowie das TLF der Feuerwehr Bad Elster auf Schlammigen Untergrund fest. Dank der Tschechischen Einsatzkr\u00e4fte konnten beide Fahrzeuge befreit werden.<\/p>\n\n\n\n<p>Vielen Dank f\u00fcr die gute Zusammenarbeit!<\/p>\n\n\n\n<p>Weitere Kr\u00e4fte:<br>@feuerwehr.bad.elster<br>Inspektionsbereichsleiter S\u00fcd<br>Hasi\u010di Kr\u00e1sn\u00e1<br>Hasi\u010di Hranice<br>BF A\u0161<br>@hzs_kv<br>Drazni hasi\u010di Cheb<br>Policie<\/p>\n\n\n\n<figure class=\"wp-block-image size-large\"><img loading=\"lazy\" decoding=\"async\" width=\"1024\" height=\"682\" src=\"https:\/\/ffw-adorf.de\/wp-content\/uploads\/2025\/03\/WhatsApp-Image-2025-03-23-at-22.22.39-1024x682.jpeg\" alt=\"\" class=\"wp-image-2028\" srcset=\"https:\/\/ffw-adorf.de\/wp-content\/uploads\/2025\/03\/WhatsApp-Image-2025-03-23-at-22.22.39-1024x682.jpeg 1024w, https:\/\/ffw-adorf.de\/wp-content\/uploads\/2025\/03\/WhatsApp-Image-2025-03-23-at-22.22.39-300x200.jpeg 300w, https:\/\/ffw-adorf.de\/wp-content\/uploads\/2025\/03\/WhatsApp-Image-2025-03-23-at-22.22.39-768x511.jpeg 768w, https:\/\/ffw-adorf.de\/wp-content\/uploads\/2025\/03\/WhatsApp-Image-2025-03-23-at-22.22.39.jpeg 1080w\" sizes=\"auto, (max-width: 1024px) 100vw, 1024px\" \/><\/figure>\n","protected":false},"excerpt":{"rendered":"<p>Die Feuerwehr Adorf\/Vogtl. wurde am Sonntagnachmittag zu einem Wiesenbrand ins Tschechische Doubrava alarmiert.Vor Ort kam es zu einem \u00d6dlandbrand auf etwa einem Hektar. Da von dem Feuer eine gro\u00dfe Ausbreitungsgefahr in Richtung eines Waldes ausging, wurden neben den Tschechischen Kr\u00e4ften auch die Feuerwehren Adorf und Bad Elster alarmiert. Wir sicherten mit unserem Gro\u00dftankl\u00f6schfahrzeug die L\u00f6schma\u00dfnahmen [&hellip;]<\/p>\n","protected":false},"author":1,"featured_media":0,"comment_status":"closed","ping_status":"open","sticky":false,"template":"","format":"standard","meta":{"footnotes":""},"categories":[3],"tags":[],"class_list":["post-2025","post","type-post","status-publish","format-standard","hentry","category-einsaetze"],"_links":{"self":[{"href":"https:\/\/ffw-adorf.de\/index.php?rest_route=\/wp\/v2\/posts\/2025","targetHints":{"allow":["GET"]}}],"collection":[{"href":"https:\/\/ffw-adorf.de\/index.php?rest_route=\/wp\/v2\/posts"}],"about":[{"href":"https:\/\/ffw-adorf.de\/index.php?rest_route=\/wp\/v2\/types\/post"}],"author":[{"embeddable":true,"href":"https:\/\/ffw-adorf.de\/index.php?rest_route=\/wp\/v2\/users\/1"}],"replies":[{"embeddable":true,"href":"https:\/\/ffw-adorf.de\/index.php?rest_route=%2Fwp%2Fv2%2Fcomments&post=2025"}],"version-history":[{"count":2,"href":"https:\/\/ffw-adorf.de\/index.php?rest_route=\/wp\/v2\/posts\/2025\/revisions"}],"predecessor-version":[{"id":2029,"href":"https:\/\/ffw-adorf.de\/index.php?rest_route=\/wp\/v2\/posts\/2025\/revisions\/2029"}],"wp:attachment":[{"href":"https:\/\/ffw-adorf.de\/index.php?rest_route=%2Fwp%2Fv2%2Fmedia&parent=2025"}],"wp:term":[{"taxonomy":"category","embeddable":true,"href":"https:\/\/ffw-adorf.de\/index.php?rest_route=%2Fwp%2Fv2%2Fcategories&post=2025"},{"taxonomy":"post_tag","embeddable":true,"href":"https:\/\/ffw-adorf.de\/index.php?rest_route=%2Fwp%2Fv2%2Ftags&post=2025"}],"curies":[{"name":"wp","href":"https:\/\/api.w.org\/{rel}","templated":true}]}}