{"id":39,"date":"2017-06-11T00:00:00","date_gmt":"2017-06-11T00:00:00","guid":{"rendered":"https:\/\/wordpress.ffw-adorf.de\/?p=39"},"modified":"2017-06-11T00:00:00","modified_gmt":"2017-06-11T00:00:00","slug":"25-jahre-jugendfeuerwehr-adorf-erzgebirge","status":"publish","type":"post","link":"https:\/\/ffw-adorf.de\/?p=39","title":{"rendered":"25 Jahre Jugendfeuerwehr Adorf\/Erzgebirge"},"content":{"rendered":"<p>Vom 10. bis 11.06.2017 wurden wir zum 25j\u00e4hrigen Jubil\u00e4um der Jugendfeuerwehr Adorf\/Erz. eingeladen. Mit 12 Jugendlichen und 3 Jugendwarten traten wir am 10.06. die Reise an. Am Ziel begr\u00fc\u00dften uns die Kameraden der Feuerwehr Adorf\/Erz. recht herzlich.<\/p>\n<p><!--more--><\/p>\n<p>Anschlie\u00dfend stand ein Leistungsmarsch auf dem Plan. Teilnehmer waren die Jugendfeuerwehren aus Adorf\/Erz. , Adorf\/Vogtl., Jahnsdorf und Neukirchen. Es musste eine Strecke von ca. 5\u00a0 km bew\u00e4ltigt werden, wobei an verschiedenen Stationen bestimmte Aufgaben zu l\u00f6sen waren. Zum Beispiel Fahrzeugkunde oder das Bef\u00fcllen eines Eimers mit Hilfe eines Schwamms. Souver\u00e4n meisterten wir alle Bedingungen und erk\u00e4mpften den 1. Platz. Am Nachmittag besichtigten wir das Feuewehrtechnische Zentrum in Pfaffenhain und \u00fcbernachteten dort. Mit einem Fu\u00dfballspiel lie\u00dfen wir den Tag ausklingen. Am 11.06. mussten wir leider schon wieder die Heimreise antreten. Ganz herzlich m\u00f6chten wir uns bei der Jugendwartin der Jugendfeuerwehr Adorf\/Erz.,\u00a0 Mandy Lorenz, sowie ihrem gesamten Team der Feuerwehr Adorf\/Erz. f\u00fcr dieses wundersch\u00f6ne Wochenende bedanken. Als Dankesch\u00f6n f\u00fcr die Einladung \u00fcberreichten wir den Kameraden der Jugendfeuerwehr Adorf\/Erz. eine Skulptur des Heiligen Sankt Florian und einen kleinen Gutschein. Wir hoffen, dass diese Kameradschaft in den kommenden Jahren weiterhin bestehen bleibt.<\/p>\n<p>{gallery}Jugendfeuerwehr\/20170610{\/gallery}<\/p>\n","protected":false},"excerpt":{"rendered":"<p>Vom 10. bis 11.06.2017 wurden wir zum 25j\u00e4hrigen Jubil\u00e4um der Jugendfeuerwehr Adorf\/Erz. eingeladen. Mit 12 Jugendlichen und 3 Jugendwarten traten wir am 10.06. die Reise an. Am Ziel begr\u00fc\u00dften uns die Kameraden der Feuerwehr Adorf\/Erz. recht herzlich.<\/p>\n","protected":false},"author":1,"featured_media":0,"comment_status":"closed","ping_status":"open","sticky":false,"template":"","format":"standard","meta":{"footnotes":""},"categories":[4],"tags":[],"class_list":["post-39","post","type-post","status-publish","format-standard","hentry","category-jugendfeuerwehr"],"_links":{"self":[{"href":"https:\/\/ffw-adorf.de\/index.php?rest_route=\/wp\/v2\/posts\/39","targetHints":{"allow":["GET"]}}],"collection":[{"href":"https:\/\/ffw-adorf.de\/index.php?rest_route=\/wp\/v2\/posts"}],"about":[{"href":"https:\/\/ffw-adorf.de\/index.php?rest_route=\/wp\/v2\/types\/post"}],"author":[{"embeddable":true,"href":"https:\/\/ffw-adorf.de\/index.php?rest_route=\/wp\/v2\/users\/1"}],"replies":[{"embeddable":true,"href":"https:\/\/ffw-adorf.de\/index.php?rest_route=%2Fwp%2Fv2%2Fcomments&post=39"}],"version-history":[{"count":0,"href":"https:\/\/ffw-adorf.de\/index.php?rest_route=\/wp\/v2\/posts\/39\/revisions"}],"wp:attachment":[{"href":"https:\/\/ffw-adorf.de\/index.php?rest_route=%2Fwp%2Fv2%2Fmedia&parent=39"}],"wp:term":[{"taxonomy":"category","embeddable":true,"href":"https:\/\/ffw-adorf.de\/index.php?rest_route=%2Fwp%2Fv2%2Fcategories&post=39"},{"taxonomy":"post_tag","embeddable":true,"href":"https:\/\/ffw-adorf.de\/index.php?rest_route=%2Fwp%2Fv2%2Ftags&post=39"}],"curies":[{"name":"wp","href":"https:\/\/api.w.org\/{rel}","templated":true}]}}