{"id":611,"date":"2022-02-14T10:05:27","date_gmt":"2022-02-14T10:05:27","guid":{"rendered":"https:\/\/wordpress.ffw-adorf.de\/?p=611"},"modified":"2022-11-01T16:35:26","modified_gmt":"2022-11-01T14:35:26","slug":"gettengruen_20220210","status":"publish","type":"post","link":"https:\/\/ffw-adorf.de\/?p=611","title":{"rendered":"F\u00fchrungswechsel bei der Gettengr\u00fcner Wehr"},"content":{"rendered":"<p>Die Gettengr\u00fcner Wehr zieht auf ihrer Jahreshauptversammlung Bilanz. Wehrleiter J\u00fcrgen Schreiner legt Rechenschaft \u00fcber zwei haupts\u00e4chlich von der Pandemie gepr\u00e4gte Jahre ab. So waren Schulungs- und \u00dcbungsdienste nur zu gewissen Jahreszeiten m\u00f6glich und es kam zu einem Ausbildungsr\u00fcckstand, den es nun nach und nach aufzuholen gilt.<\/p>\n<p>Leider verlor die Gettengr\u00fcner Wehr in dieser Zeit, aus pers\u00f6nlichen Gr\u00fcnden bzw. aufgrund von Wohnortwechsel, auch einige Kameraden. Jedoch wurde noch am gleichen Tage eine Neuaufnahme fixiert, sodass die Ortswehr der Stadt Adorf aktuell mit 13 Aktiven und 6 Alters- und Ehrenmitgliedern gut aufgestellt bleibt. Kamerad Berthold R\u00f6der wurde nach 45 aktiven Dienstjahren aus Altersgr\u00fcnden aus dem aktiven Dienst entlassen und in die Alters- und Ehrenabteilung der Wehr \u00fcberf\u00fchrt. F\u00fcr sein 50j\u00e4hriges Dienstjubil\u00e4um im Jahr 2021, wurde Kamerad Bernd Walter vom Land Sachsen, dem Vogtlandkreis sowie der Stadt Adorf geehrt. Au\u00dferdem erhielten an diesem Tag die Kameraden Pascal Fl\u00e4schendr\u00e4ger (Feuerwehrmann) und Eric Schreiner (Oberfeuerwehrmann) ihre Bef\u00f6rderungen.<\/p>\n<p>Nach knapp einem Vierteljahrhundert, in welchem die Kameraden J\u00fcrgen Schreiner und G\u00fcnter Haller der Ortswehr Gettengr\u00fcn als Wehrleitung vorstanden, gab es nun auf eigenen Wunsch einen Wechsel in den F\u00fchrungspositionen. Bei der Jahreshauptversammlung, welche pandemiebedingt bereits ein Jahr verschoben wurde, w\u00e4hlten die anwesenden Kameradinnen und Kameraden Eric Schreiner und Stefan M\u00e4nnel als neue Leitung der Ortswehr. Die beiden haben eine funktionierende Kameradschaft \u00fcbergeben bekommen und werden die erfolgreiche Arbeit ihrer Amtsvorg\u00e4nger weiterverfolgen.<\/p>\n<p><img loading=\"lazy\" decoding=\"async\" class=\" size-full wp-image-610\" src=\"https:\/\/wordpress.ffw-adorf.de\/wp-content\/uploads\/2022\/02\/gettengruen_20220210.jpg\" alt=\"Alte und neue Wehrleitung vereint. G\u00fcnter Haller, Eric Schreiner, Stefan M\u00e4nnel und J\u00fcrgen Schreiner (v.l.).\" width=\"800\" height=\"504\" srcset=\"https:\/\/ffw-adorf.de\/wp-content\/uploads\/2022\/02\/gettengruen_20220210.jpg 1475w, https:\/\/ffw-adorf.de\/wp-content\/uploads\/2022\/02\/gettengruen_20220210-300x189.jpg 300w, https:\/\/ffw-adorf.de\/wp-content\/uploads\/2022\/02\/gettengruen_20220210-1024x645.jpg 1024w, https:\/\/ffw-adorf.de\/wp-content\/uploads\/2022\/02\/gettengruen_20220210-768x484.jpg 768w, https:\/\/ffw-adorf.de\/wp-content\/uploads\/2022\/02\/gettengruen_20220210-421x265.jpg 421w\" sizes=\"auto, (max-width: 800px) 100vw, 800px\" \/><\/p>\n","protected":false},"excerpt":{"rendered":"<p>Die Gettengr\u00fcner Wehr zieht auf ihrer Jahreshauptversammlung Bilanz. Wehrleiter J\u00fcrgen Schreiner legt Rechenschaft \u00fcber zwei haupts\u00e4chlich von der Pandemie gepr\u00e4gte Jahre ab. So waren Schulungs- und \u00dcbungsdienste nur zu gewissen Jahreszeiten m\u00f6glich und es kam zu einem Ausbildungsr\u00fcckstand, den es nun nach und nach aufzuholen gilt. Leider verlor die Gettengr\u00fcner Wehr in dieser Zeit, aus [&hellip;]<\/p>\n","protected":false},"author":1,"featured_media":610,"comment_status":"closed","ping_status":"open","sticky":false,"template":"","format":"standard","meta":{"footnotes":""},"categories":[5],"tags":[],"class_list":["post-611","post","type-post","status-publish","format-standard","has-post-thumbnail","hentry","category-aktuelles"],"_links":{"self":[{"href":"https:\/\/ffw-adorf.de\/index.php?rest_route=\/wp\/v2\/posts\/611","targetHints":{"allow":["GET"]}}],"collection":[{"href":"https:\/\/ffw-adorf.de\/index.php?rest_route=\/wp\/v2\/posts"}],"about":[{"href":"https:\/\/ffw-adorf.de\/index.php?rest_route=\/wp\/v2\/types\/post"}],"author":[{"embeddable":true,"href":"https:\/\/ffw-adorf.de\/index.php?rest_route=\/wp\/v2\/users\/1"}],"replies":[{"embeddable":true,"href":"https:\/\/ffw-adorf.de\/index.php?rest_route=%2Fwp%2Fv2%2Fcomments&post=611"}],"version-history":[{"count":1,"href":"https:\/\/ffw-adorf.de\/index.php?rest_route=\/wp\/v2\/posts\/611\/revisions"}],"predecessor-version":[{"id":1288,"href":"https:\/\/ffw-adorf.de\/index.php?rest_route=\/wp\/v2\/posts\/611\/revisions\/1288"}],"wp:featuredmedia":[{"embeddable":true,"href":"https:\/\/ffw-adorf.de\/index.php?rest_route=\/wp\/v2\/media\/610"}],"wp:attachment":[{"href":"https:\/\/ffw-adorf.de\/index.php?rest_route=%2Fwp%2Fv2%2Fmedia&parent=611"}],"wp:term":[{"taxonomy":"category","embeddable":true,"href":"https:\/\/ffw-adorf.de\/index.php?rest_route=%2Fwp%2Fv2%2Fcategories&post=611"},{"taxonomy":"post_tag","embeddable":true,"href":"https:\/\/ffw-adorf.de\/index.php?rest_route=%2Fwp%2Fv2%2Ftags&post=611"}],"curies":[{"name":"wp","href":"https:\/\/api.w.org\/{rel}","templated":true}]}}