{"id":77,"date":"2017-06-18T00:00:00","date_gmt":"2017-06-18T00:00:00","guid":{"rendered":"https:\/\/wordpress.ffw-adorf.de\/?p=77"},"modified":"2017-06-18T00:00:00","modified_gmt":"2017-06-18T00:00:00","slug":"18-06-2017-nottueroeffnung","status":"publish","type":"post","link":"https:\/\/ffw-adorf.de\/?p=77","title":{"rendered":"18.06.2017 Nott\u00fcr\u00f6ffnung"},"content":{"rendered":"<p>Um 20.05 Uhr wurden die Kameraden der Feuerwehr Adorf \u00fcber Funkmeldeempf\u00e4nger zu einer T\u00fcrnot\u00f6ffnung in die Eduard-Krenkel-Stra\u00dfe in Adorf alarmiert. In der Wohnung befand sich eine hilflose Person, die den Notruf noch selbst absetzten konnte.<\/p>\n<p style=\"font-weight: 400;\">Am Einsatzort konnten die Kameraden \u00fcber ein gekipptes Fenster in die Wohnung einsteigen und die T\u00fcr von innen \u00f6ffnen. Der Bewohner wurde dem Rettungsdienst \u00fcbergeben. Damit war f\u00fcr die Kameraden der Einsatz beendet. Die Feuerwehr Adorf war mit dem ELW, dem HLF 20\/16, dem RW 2 sowie dem Hubrettungsfahrzeug Bronto im Einsatz.<\/p>\n","protected":false},"excerpt":{"rendered":"<p>Um 20.05 Uhr wurden die Kameraden der Feuerwehr Adorf \u00fcber Funkmeldeempf\u00e4nger zu einer T\u00fcrnot\u00f6ffnung in die Eduard-Krenkel-Stra\u00dfe in Adorf alarmiert. In der Wohnung befand sich eine hilflose Person, die den Notruf noch selbst absetzten konnte. Am Einsatzort konnten die Kameraden \u00fcber ein gekipptes Fenster in die Wohnung einsteigen und die T\u00fcr von innen \u00f6ffnen. Der [&hellip;]<\/p>\n","protected":false},"author":1,"featured_media":0,"comment_status":"closed","ping_status":"open","sticky":false,"template":"","format":"standard","meta":{"footnotes":""},"categories":[3],"tags":[],"class_list":["post-77","post","type-post","status-publish","format-standard","hentry","category-einsaetze"],"_links":{"self":[{"href":"https:\/\/ffw-adorf.de\/index.php?rest_route=\/wp\/v2\/posts\/77","targetHints":{"allow":["GET"]}}],"collection":[{"href":"https:\/\/ffw-adorf.de\/index.php?rest_route=\/wp\/v2\/posts"}],"about":[{"href":"https:\/\/ffw-adorf.de\/index.php?rest_route=\/wp\/v2\/types\/post"}],"author":[{"embeddable":true,"href":"https:\/\/ffw-adorf.de\/index.php?rest_route=\/wp\/v2\/users\/1"}],"replies":[{"embeddable":true,"href":"https:\/\/ffw-adorf.de\/index.php?rest_route=%2Fwp%2Fv2%2Fcomments&post=77"}],"version-history":[{"count":0,"href":"https:\/\/ffw-adorf.de\/index.php?rest_route=\/wp\/v2\/posts\/77\/revisions"}],"wp:attachment":[{"href":"https:\/\/ffw-adorf.de\/index.php?rest_route=%2Fwp%2Fv2%2Fmedia&parent=77"}],"wp:term":[{"taxonomy":"category","embeddable":true,"href":"https:\/\/ffw-adorf.de\/index.php?rest_route=%2Fwp%2Fv2%2Fcategories&post=77"},{"taxonomy":"post_tag","embeddable":true,"href":"https:\/\/ffw-adorf.de\/index.php?rest_route=%2Fwp%2Fv2%2Ftags&post=77"}],"curies":[{"name":"wp","href":"https:\/\/api.w.org\/{rel}","templated":true}]}}